{"id":2094,"date":"2021-06-24T16:17:01","date_gmt":"2021-06-24T14:17:01","guid":{"rendered":"https:\/\/www.bwkrakow.pl\/nablogu\/?p=2094"},"modified":"2022-08-02T12:49:33","modified_gmt":"2022-08-02T10:49:33","slug":"kora-i-penderecki-najslynniejsi-muzycy-zwiazani-z-krakowem","status":"publish","type":"post","link":"https:\/\/www.bwkrakow.pl\/nablogu\/kora-i-penderecki-najslynniejsi-muzycy-zwiazani-z-krakowem","title":{"rendered":"Kora i Penderecki. Najs\u0142ynniejsi muzycy zwi\u0105zani z Krakowem"},"content":{"rendered":"\n<p>Stolica Polski to Warszawa, ale stolic\u0105 polskiej kultury pozostaje Krak\u00f3w. To pod Wawelem tworzyli najs\u0142ynniejsi malarze czy pisarze, z noblistami na czele. Ale Krak\u00f3w to tak\u017ce niezwyk\u0142e miejsce dla polskiej muzyki. W ci\u0105gu ostatnich kilkudziesi\u0119ciu lat wyros\u0142o tam wielu artyst\u00f3w reprezentuj\u0105cych zar\u00f3wno muzyk\u0119 powa\u017cn\u0105, jak i takich, kt\u00f3rzy trafili na pierwsze miejsca list radiowych przeboj\u00f3w. Krak\u00f3w to Krzysztof Penderecki, ale Krak\u00f3w to tak\u017ce Kora, jak r\u00f3wnie\u017c\u2026 Viki Gabor. Przedstawiamy najs\u0142ynniejszych przedstawicieli polskiej sceny muzycznej w przesz\u0142o\u015bci i dzi\u015b zwi\u0105zanych z grodem Kraka.<\/p>\n\n\n\n<h2 class=\"wp-block-heading\">Pop, punk i poezja \u015bpiewana<\/h2>\n\n\n\n<p>W Krakowie zaczynali zar\u00f3wno arty\u015bci powszechnie znani i lubiani w ca\u0142ej Polsce, jak i ci wysoko cenieni przez ekspert\u00f3w, kt\u00f3rych s\u0142ucha jednak w\u0105ski kr\u0105g odbiorc\u00f3w. Do tych pierwszych z pewno\u015bci\u0105 nale\u017ca\u0142a Kora, kt\u00f3ra sta\u0142a si\u0119 gwiazd\u0105 jako wokalistka zespo\u0142u Maanam. Urodzi\u0142a si\u0119 pod Wawelem i tu zaczyna\u0142a muzyczn\u0105 drog\u0119. Zmar\u0142a w 2018 r., ale wci\u0105\u017c ma wielu fan\u00f3w, a piosenki w jej wykonaniu mo\u017cna us\u0142ysze\u0107 w popularnych rozg\u0142o\u015bniach radiowych.<\/p>\n\n\n\n<p>Z Krakowem kojarzony jest r\u00f3wnie\u017c Maciej Male\u0144czuk, jeden z najbardziej kontrowersyjnych polskich muzyk\u00f3w. W latach 80. grywa\u0142 jako uliczny muzyk pod Wawelem, potem sta\u0142 si\u0119 cz\u0142onkiem kapeli Pudelsi. Do dzi\u015b jest zwi\u0105zany z Krakowem, r\u00f3wnie\u017c emocjonalnie, jako kibic Cracovii &#8211; nagra\u0142 jej hymn, puszczany przed ka\u017cdym meczem dru\u017cyny przy ul. Ka\u0142u\u017cy.<\/p>\n\n\n\n<h3 class=\"wp-block-heading\">Chcesz pozna\u0107 zak\u0105tki Krakowa zwi\u0105zane z krakowskimi muzykami? Na nocleg wybierz&nbsp; <a href=\"https:\/\/www.bwkrakow.pl\/\">Hotel Best Western Krak\u00f3w<\/a> \u2013 <a href=\"https:\/\/www.bwkrakow.pl\/\">https:\/\/www.bwkrakow.pl<\/a>!<\/h3>\n\n\n\n<p>Przy wymienianiu najbardziej znanych krakowskich artyst\u00f3w nie spos\u00f3b nie wymieni\u0107 tak\u017ce artyst\u00f3w zwi\u0105zanych z nieco powa\u017cniejszymi nurtami muzycznymi. Z pewno\u015bci\u0105 nale\u017c\u0105 do nich Ewa Demarczyk oraz Marek Grechuta, znani z wykonywania poezji \u015bpiewanej. Oboje byli zwi\u0105zani z Piwnic\u0105 pod Baranami, oboje niestety ju\u017c nie \u017cyj\u0105. Krak\u00f3w zd\u0105\u017cy\u0142 ju\u017c uhonorowa\u0107 Grechut\u0119, nazywaj\u0105c jego imieniem jeden z park\u00f3w na terenie miasta.<\/p>\n\n\n\n<p>Podobnego zaszczytu dost\u0105pi\u0142 <strong><a href=\"https:\/\/www.bwkrakow.pl\/nablogu\/sladami-zbigniewa-wodeckiego-pomysl-na-niezwykly-spacer-po-krakowie\">Zbigniew Wodecki<\/a><\/strong>, kt\u00f3ry ma \u201csw\u00f3j\u201d skwer na Plantach. Ale Krak\u00f3w to r\u00f3wnie\u017c wci\u0105\u017c \u017cyj\u0105cy i tworz\u0105cy muzycy, tacy jak Grzegorz Turnau czy Andrzej Sikorowski. Z miastem zwi\u0105zani byli te\u017c cz\u0142onkowie zespo\u0142\u00f3w takich jak Ch\u0142opcy z Placu Broni, Skaldowie czy D\u017cem.<\/p>\n\n\n\n<h2 class=\"wp-block-heading\">Gwiazda \u015bwiatowego formatu<\/h2>\n\n\n\n<p>Wszyscy wymienieni powy\u017cej muzycy s\u0105 znani przede wszystkim na polskim podw\u00f3rku. W Krakowie tworzy\u0142a te\u017c jednak gwiazda \u015bwiatowego formatu, doceniana przez krytyk\u00f3w w Europie i nie tylko. To zmar\u0142y w 2020 r. pod Wawelem Krzysztof Penderecki, kompozytor i dyrygent, kt\u00f3rego utwory zbiera\u0142y nagrody na ca\u0142ym \u015bwiecie. Do \u015bmierci zwi\u0105zany z Krakowem, gdzie by\u0142 rektorem Akademii Muzycznej.<\/p>\n\n\n\n<p>W ostatnich latach na europejskiej scenie rozrywkowej zrobi\u0142o si\u0119 natomiast g\u0142o\u015bno o krakowskiej nastolatce. Viki, a w\u0142a\u015bciwie Wiktoria Gabor, wygra\u0142a bowiem w 2019 r. dzieci\u0119c\u0105 Eurowizj\u0119. Urodzona w 2007 r. dziewczyna ma przed sob\u0105 ca\u0142\u0105 karier\u0119, ale mieszka i uczy si\u0119 w\u0142a\u015bnie w Krakowie.<\/p>\n\n\n\n<p>Znanym krakowskim muzykiem by\u0142 r\u00f3wnie\u017c Andrzej Zaucha. O jego tragicznej \u015bmierci przeczytasz w kolejnym artykule: <strong><a href=\"https:\/\/www.bwkrakow.pl\/nablogu\/morderstwo-pod-teatrem-tragiczna-historia-andrzeja-zauchy\">https:\/\/www.bwkrakow.pl\/nablogu\/morderstwo-pod-teatrem-tragiczna-historia-andrzeja-zauchy<\/a><\/strong><\/p>\n","protected":false},"excerpt":{"rendered":"<p>Stolica Polski to Warszawa, ale stolic\u0105 polskiej kultury pozostaje Krak\u00f3w. To pod Wawelem tworzyli najs\u0142ynniejsi malarze czy pisarze, z noblistami na czele. Ale Krak\u00f3w to tak\u017ce niezwyk\u0142e miejsce dla polskiej muzyki. W ci\u0105gu ostatnich kilkudziesi\u0119ciu lat wyros\u0142o tam wielu artyst\u00f3w reprezentuj\u0105cych zar\u00f3wno muzyk\u0119 powa\u017cn\u0105, jak i takich, kt\u00f3rzy trafili na pierwsze miejsca list radiowych przeboj\u00f3w. [&hellip;]<\/p>\n","protected":false},"author":1,"featured_media":2095,"comment_status":"open","ping_status":"open","sticky":false,"template":"","format":"standard","meta":{"footnotes":""},"categories":[7],"tags":[],"class_list":["post-2094","post","type-post","status-publish","format-standard","has-post-thumbnail","hentry","category-ciekawostki"],"aioseo_notices":[],"_links":{"self":[{"href":"https:\/\/www.bwkrakow.pl\/nablogu\/wp-json\/wp\/v2\/posts\/2094"}],"collection":[{"href":"https:\/\/www.bwkrakow.pl\/nablogu\/wp-json\/wp\/v2\/posts"}],"about":[{"href":"https:\/\/www.bwkrakow.pl\/nablogu\/wp-json\/wp\/v2\/types\/post"}],"author":[{"embeddable":true,"href":"https:\/\/www.bwkrakow.pl\/nablogu\/wp-json\/wp\/v2\/users\/1"}],"replies":[{"embeddable":true,"href":"https:\/\/www.bwkrakow.pl\/nablogu\/wp-json\/wp\/v2\/comments?post=2094"}],"version-history":[{"count":2,"href":"https:\/\/www.bwkrakow.pl\/nablogu\/wp-json\/wp\/v2\/posts\/2094\/revisions"}],"predecessor-version":[{"id":2347,"href":"https:\/\/www.bwkrakow.pl\/nablogu\/wp-json\/wp\/v2\/posts\/2094\/revisions\/2347"}],"wp:featuredmedia":[{"embeddable":true,"href":"https:\/\/www.bwkrakow.pl\/nablogu\/wp-json\/wp\/v2\/media\/2095"}],"wp:attachment":[{"href":"https:\/\/www.bwkrakow.pl\/nablogu\/wp-json\/wp\/v2\/media?parent=2094"}],"wp:term":[{"taxonomy":"category","embeddable":true,"href":"https:\/\/www.bwkrakow.pl\/nablogu\/wp-json\/wp\/v2\/categories?post=2094"},{"taxonomy":"post_tag","embeddable":true,"href":"https:\/\/www.bwkrakow.pl\/nablogu\/wp-json\/wp\/v2\/tags?post=2094"}],"curies":[{"name":"wp","href":"https:\/\/api.w.org\/{rel}","templated":true}]}}