{"id":2133,"date":"2021-09-05T08:27:00","date_gmt":"2021-09-05T06:27:00","guid":{"rendered":"https:\/\/www.bwkrakow.pl\/nablogu\/?p=2133"},"modified":"2021-09-21T08:35:28","modified_gmt":"2021-09-21T06:35:28","slug":"najslynniejsi-krakowscy-artysci-z-piwnicy-pod-baranami","status":"publish","type":"post","link":"https:\/\/www.bwkrakow.pl\/nablogu\/najslynniejsi-krakowscy-artysci-z-piwnicy-pod-baranami","title":{"rendered":"Najs\u0142ynniejsi krakowscy arty\u015bci z Piwnicy pod Baranami"},"content":{"rendered":"\n<p>W Krakowie nie brakuje miejsc niemal kultowych, wok\u00f3\u0142 kt\u00f3rych roztacza si\u0119 niesamowita aura. Nale\u017c\u0105 do nich oczywi\u015bcie najs\u0142ynniejsze zabytki oraz miejsca ochoczo odwiedzane przez turyst\u00f3w, takie jak Wawel, Kopiec Ko\u015bciuszki czy Rynek G\u0142\u00f3wny, ale wyj\u0105tkowy klimat maj\u0105 r\u00f3wnie\u017c krakowskie kawiarnie i piwnice. A w\u015br\u00f3d nich ta najs\u0142ynniejsza &#8211; Piwnica pod Baranami. Lokalizacja, kt\u00f3ra pierwotnie mia\u0142a by\u0107 miejscem spotka\u0144 krakowskich student\u00f3w, przerodzi\u0142a si\u0119 w jeden z najs\u0142ynniejszych polskich kabaret\u00f3w i przestrze\u0144, w kt\u00f3rej rozwin\u0119\u0142o si\u0119 mn\u00f3stwo wa\u017cnych postaci polskiej sceny artystycznej. Kt\u00f3re z nich szczeg\u00f3lnie warto kojarzy\u0107 z Piwnic\u0105 pod Baranami?<\/p>\n\n\n\n<h2 class=\"wp-block-heading\">Pierwsze gwiazdy Piwnicy<\/h2>\n\n\n\n<p>Piwnica rozpocz\u0119\u0142a dzia\u0142alno\u015b\u0107 w 1956 r. i od samego pocz\u0105tku jedn\u0105 z najwa\u017cniejszych r\u00f3l odgrywa\u0142 w niej Piotr Skrzynecki, kt\u00f3ry by\u0142 re\u017cyserem, scenarzyst\u0105 i kierownikiem artystycznym projektu. Ju\u017c na pocz\u0105tku z Piwnic\u0105 byli zwi\u0105zani ludzie, kt\u00f3rzy p\u00f3\u017aniej zas\u0142yn\u0119li nie tylko w Polsce &#8211; jej za\u0142o\u017cycielami byli m.in. <strong><a href=\"https:\/\/www.bwkrakow.pl\/nablogu\/kora-i-penderecki-najslynniejsi-muzycy-zwiazani-z-krakowem\">Krzysztof Penderecki<\/a><\/strong>, jednego z najwi\u0119kszych kompozytor\u00f3w XX wieku, a tak\u017ce rze\u017abiarz Bronis\u0142aw Chromy, wielokrotnie odznaczany za zas\u0142ugi dla polskiej kultury.<\/p>\n\n\n\n<p>To nie oni stali si\u0119 jednak twarzami Piwnicy lat 60. i pocz\u0105tku 70., gdy sta\u0142a si\u0119 ona jedn\u0105 z najwa\u017cniejszych polskich grup artystycznych. Rozkwita\u0142y w niej talenty aktor\u00f3w, poet\u00f3w i piosenkarzy. Pierwsz\u0105 s\u0142ynn\u0105 twarz\u0105 zwi\u0105zan\u0105 z kabaretem zosta\u0142a Ewa Demarczyk, kt\u00f3ra do\u0142\u0105czy\u0142a do ekipy w 1962 r. i sta\u0142a si\u0119 znana w ca\u0142ej Polsce jako \u201cCzarny Anio\u0142\u201d polskiej piosenki. Wykonywa\u0142a poezj\u0119 \u015bpiewan\u0105, by\u0142a ceniona za niezwyk\u0142e interpretacje. Jednym z jej akompaniator\u00f3w by\u0142 Zbigniew Wodecki, kt\u00f3ry wkr\u00f3tce sam zas\u0142yn\u0105\u0142 jako muzyk. Wa\u017cn\u0105 postaci\u0105 tego okresu by\u0142a r\u00f3wnie\u017c aktorka Krystyna Zachwatowicz oraz \u015bpiewaj\u0105cy poeta Leszek D\u0142ugosz,&nbsp;<\/p>\n\n\n\n<h3 class=\"wp-block-heading\">Chcesz na w\u0142asnej sk\u00f3rze poczu\u0107 klimat Piwnicy pod Baranami? Na nocleg wybierz <a href=\"https:\/\/www.bwkrakow.pl\/\">Hotel Best Western Krak\u00f3w<\/a> \u2013 <a href=\"https:\/\/www.bwkrakow.pl\/\">https:\/\/www.bwkrakow.pl<\/a>!<\/h3>\n\n\n\n<h2 class=\"wp-block-heading\">Od Grechuty do Turnaua<\/h2>\n\n\n\n<p>W 1972 r. Demarczyk opu\u015bci\u0142a kabaret, ale po kilku latach rozkwit\u0142y w nim talenty kilku kolejnych znanych postaci. Jedn\u0105 z najwybitniejszych by\u0142 bez w\u0105tpienia Marek Grechuta, kolejny wybitny przedstawiciel poezji \u015bpiewanej. Znanym wykonawc\u0105 piosenek sta\u0142 si\u0119 tak\u017ce urodzony w Zwi\u0105zku Radzieckim Alosza Awdiejew, kt\u00f3ry wyst\u0119puje w Piwnicy do dzi\u015b, podobnie jak aktorka Ola Maurer. Awdiejew to aktor, kompozytor i piosenkarz, kt\u00f3ry w latach 90. przyj\u0105\u0142 polskie obywatelstwo.<\/p>\n\n\n\n<p>Jeszcze bardziej znany od Awdiejewa jest inny artysta zwi\u0105zany z kabaretem, czyli Grzegorz Turnau. Piwnica sta\u0142a si\u0119 zreszt\u0105 prawdziwym zag\u0142\u0119biem kompozytor\u00f3w &#8211; tworzyli w niej Zbigniew Preisner oraz Jan Kanty Pawlu\u015bkiewicz. W\u015br\u00f3d m\u0142odszych warto wymieni\u0107 Adriana Konarskiego. Oddzia\u0142ywanie Piwnicy by\u0142o jednak znacznie szersze ni\u017c tylko kr\u0105g wyst\u0119puj\u0105cych w niej artyst\u00f3w. Jej \u015brodowisko przyci\u0105ga\u0142o literat\u00f3w, re\u017cyser\u00f3w i dziennikarzy, bywali w niej Andrzej Wajda, Jan Nowicki czy Czes\u0142aw Mi\u0142osz. To dlatego to miejsce obros\u0142o legend\u0105. Nie zniszczy\u0142a go pandemia &#8211; po wymuszonej przerwie Piwnica pod Baranami zn\u00f3w koncertuje.<\/p>\n","protected":false},"excerpt":{"rendered":"<p>W Krakowie nie brakuje miejsc niemal kultowych, wok\u00f3\u0142 kt\u00f3rych roztacza si\u0119 niesamowita aura. Nale\u017c\u0105 do nich oczywi\u015bcie najs\u0142ynniejsze zabytki oraz miejsca ochoczo odwiedzane przez turyst\u00f3w, takie jak Wawel, Kopiec Ko\u015bciuszki czy Rynek G\u0142\u00f3wny, ale wyj\u0105tkowy klimat maj\u0105 r\u00f3wnie\u017c krakowskie kawiarnie i piwnice. A w\u015br\u00f3d nich ta najs\u0142ynniejsza &#8211; Piwnica pod Baranami. Lokalizacja, kt\u00f3ra pierwotnie mia\u0142a [&hellip;]<\/p>\n","protected":false},"author":1,"featured_media":2134,"comment_status":"open","ping_status":"open","sticky":false,"template":"","format":"standard","meta":{"footnotes":""},"categories":[7],"tags":[],"class_list":["post-2133","post","type-post","status-publish","format-standard","has-post-thumbnail","hentry","category-ciekawostki"],"aioseo_notices":[],"_links":{"self":[{"href":"https:\/\/www.bwkrakow.pl\/nablogu\/wp-json\/wp\/v2\/posts\/2133"}],"collection":[{"href":"https:\/\/www.bwkrakow.pl\/nablogu\/wp-json\/wp\/v2\/posts"}],"about":[{"href":"https:\/\/www.bwkrakow.pl\/nablogu\/wp-json\/wp\/v2\/types\/post"}],"author":[{"embeddable":true,"href":"https:\/\/www.bwkrakow.pl\/nablogu\/wp-json\/wp\/v2\/users\/1"}],"replies":[{"embeddable":true,"href":"https:\/\/www.bwkrakow.pl\/nablogu\/wp-json\/wp\/v2\/comments?post=2133"}],"version-history":[{"count":1,"href":"https:\/\/www.bwkrakow.pl\/nablogu\/wp-json\/wp\/v2\/posts\/2133\/revisions"}],"predecessor-version":[{"id":2135,"href":"https:\/\/www.bwkrakow.pl\/nablogu\/wp-json\/wp\/v2\/posts\/2133\/revisions\/2135"}],"wp:featuredmedia":[{"embeddable":true,"href":"https:\/\/www.bwkrakow.pl\/nablogu\/wp-json\/wp\/v2\/media\/2134"}],"wp:attachment":[{"href":"https:\/\/www.bwkrakow.pl\/nablogu\/wp-json\/wp\/v2\/media?parent=2133"}],"wp:term":[{"taxonomy":"category","embeddable":true,"href":"https:\/\/www.bwkrakow.pl\/nablogu\/wp-json\/wp\/v2\/categories?post=2133"},{"taxonomy":"post_tag","embeddable":true,"href":"https:\/\/www.bwkrakow.pl\/nablogu\/wp-json\/wp\/v2\/tags?post=2133"}],"curies":[{"name":"wp","href":"https:\/\/api.w.org\/{rel}","templated":true}]}}